{"id":1034,"date":"2023-07-03T00:03:56","date_gmt":"2023-07-02T22:03:56","guid":{"rendered":"https:\/\/ugl-muenchhausen.de\/?p=1034"},"modified":"2023-08-18T01:23:12","modified_gmt":"2023-08-17T23:23:12","slug":"wechsel-im-gemeindevorstand","status":"publish","type":"post","link":"https:\/\/ugl-muenchhausen.de\/?p=1034","title":{"rendered":"Wechsel im Gemeindevorstand"},"content":{"rendered":"\n<p>Gepr\u00e4gt von einem die Unabh\u00e4ngige Gr\u00fcne Liste (UGL) betreffenden Wechsel im Gemeindevorstand war die Sitzung der Gemeindevertretung am 13.06.2023 im Dorfgemeinschaftshaus Simtshausen.<\/p>\n\n\n\n<!--more-->\n\n\n\n<p>Bevor es jedoch hierzu kam, stimmten die kommunalen Parlamentarier*innen einhellig der \u00fcberplanm\u00e4\u00dfigen Ausgabe in H\u00f6he von 130.000,&#8211; \u20ac bez\u00fcglich des Umbaus und der Erweiterung des Kindergartens in M\u00fcnchhausen zu. Ob und in welcher H\u00f6he zu diesen Kosten eine Bezuschussung durch das Land Hessen erfolgen wird, ist derzeit offen. Auf die <a href=\"https:\/\/ugl-muenchhausen.de\/?p=1030\" data-type=\"post\" data-id=\"1030\">gesonderte Stellungnahme der UGL-Fraktion<\/a> wird hierzu verwiesen.<\/p>\n\n\n\n<p>Im Anschluss wurde der Beigeordnete Dieter H\u00f6cker (UGL) nach 17-j\u00e4hriger T\u00e4tigkeit im Gemeindevorstand auf eigenen Wunsch vorzeitig aus dem Amt verabschiedet. Der Vorsitzende der Gemeindevertretung, Roland Wehner, und B\u00fcrgermeister Holger Siemon sprachen ihm ihren Dank f\u00fcr das gezeigte Engagement und f\u00fcr die gute Zusammenarbeit aus.<\/p>\n\n\n\n<p>Nachr\u00fcckerin in den Gemeindevorstand ist nach Absprache der Fraktionen die bisherige Gemeindevertreterin Ulrike Mann (UGL), die ihre ehrenamtliche T\u00e4tigkeit nun in neuer Funktion fortsetzen wird. Sie legte vor dem Vorsitzenden der Gemeindevertretung ihren Diensteid ab und erhielt anschlie\u00dfend durch Holger Siemon ihre Ernennungsurkunde.<\/p>\n\n\n\n<p>Da Antr\u00e4ge und Anfragen der Fraktionen nicht vorlagen, konnte B\u00fcrgermeister Siemon direkt mit seinem Bericht aus der Arbeit des Gemeindevorstands starten.<\/p>\n\n\n\n<p>Dabei ging er unter anderem auf das Gewerbegebiet B 252\/B 236 ein, mit dem sich die Gemeindevertretung in ihrer Septembersitzung befassen wird.<\/p>\n\n\n\n<p>Ferner teilte Holger Siemon mit, dass der Investor, der in Simtshausen ein Seniorenheim errichten m\u00f6chte, derzeit auf der Suche nach einem Betreiber ist. Sobald die Sache konkret wird, soll eine Informationsveranstaltung f\u00fcr die Simtsh\u00e4user B\u00fcrger*innen stattfinden.<\/p>\n\n\n\n<p>Schwierigkeiten bereitet aktuell das Dorferneuerungsverfahren. Die Antragstellung f\u00fcr kommunale Ma\u00dfnahmen sei sehr kompliziert geregelt, f\u00fcr private Vorhaben stehe momentan kein Geld zur Verf\u00fcgung.<\/p>\n\n\n\n<p>Hinsichtlich des Programms \u201e100 wilde B\u00e4che\u201c werden die Ingenieurleistungen ausgeschrieben, hier ist demn\u00e4chst eine Informationsveranstaltung f\u00fcr die Ortsteile Niederasphe und Oberasphe geplant.<\/p>\n\n\n\n<p>Bewilligt wurden mittlerweile die beantragten Zusch\u00fcsse f\u00fcr die zu erstellende Starkregenkarte.<\/p>\n","protected":false},"excerpt":{"rendered":"<p>Gepr\u00e4gt von einem die Unabh\u00e4ngige Gr\u00fcne Liste (UGL) betreffenden Wechsel im Gemeindevorstand war die Sitzung der Gemeindevertretung am 13.06.2023 im Dorfgemeinschaftshaus Simtshausen.<\/p>\n","protected":false},"author":1,"featured_media":0,"comment_status":"closed","ping_status":"closed","sticky":false,"template":"","format":"standard","meta":{"footnotes":""},"categories":[1],"tags":[],"class_list":["post-1034","post","type-post","status-publish","format-standard","hentry","category-ugl"],"_links":{"self":[{"href":"https:\/\/ugl-muenchhausen.de\/index.php?rest_route=\/wp\/v2\/posts\/1034","targetHints":{"allow":["GET"]}}],"collection":[{"href":"https:\/\/ugl-muenchhausen.de\/index.php?rest_route=\/wp\/v2\/posts"}],"about":[{"href":"https:\/\/ugl-muenchhausen.de\/index.php?rest_route=\/wp\/v2\/types\/post"}],"author":[{"embeddable":true,"href":"https:\/\/ugl-muenchhausen.de\/index.php?rest_route=\/wp\/v2\/users\/1"}],"replies":[{"embeddable":true,"href":"https:\/\/ugl-muenchhausen.de\/index.php?rest_route=%2Fwp%2Fv2%2Fcomments&post=1034"}],"version-history":[{"count":2,"href":"https:\/\/ugl-muenchhausen.de\/index.php?rest_route=\/wp\/v2\/posts\/1034\/revisions"}],"predecessor-version":[{"id":1051,"href":"https:\/\/ugl-muenchhausen.de\/index.php?rest_route=\/wp\/v2\/posts\/1034\/revisions\/1051"}],"wp:attachment":[{"href":"https:\/\/ugl-muenchhausen.de\/index.php?rest_route=%2Fwp%2Fv2%2Fmedia&parent=1034"}],"wp:term":[{"taxonomy":"category","embeddable":true,"href":"https:\/\/ugl-muenchhausen.de\/index.php?rest_route=%2Fwp%2Fv2%2Fcategories&post=1034"},{"taxonomy":"post_tag","embeddable":true,"href":"https:\/\/ugl-muenchhausen.de\/index.php?rest_route=%2Fwp%2Fv2%2Ftags&post=1034"}],"curies":[{"name":"wp","href":"https:\/\/api.w.org\/{rel}","templated":true}]}}