{"id":1073,"date":"2023-09-27T01:20:19","date_gmt":"2023-09-26T23:20:19","guid":{"rendered":"https:\/\/ugl-muenchhausen.de\/?p=1073"},"modified":"2023-10-12T01:39:12","modified_gmt":"2023-10-11T23:39:12","slug":"bericht-ueber-die-15-sitzung-der-gemeindevertretung-muenchhausen-am-05-09-23-in-oberasphe","status":"publish","type":"post","link":"https:\/\/ugl-muenchhausen.de\/?p=1073","title":{"rendered":"Bericht \u00fcber die 15. Sitzung der Gemeindevertretung M\u00fcnchhausen am 05.09.23 in Oberasphe"},"content":{"rendered":"\n<p>Zum <strong>Thema Aufforstung<\/strong> des Gemeindewaldes M\u00fcnchhausen wurde F\u00f6rster Hering eingeladen, um seinen Antrag auf Gelder zur Nachbepflanzung eines Teilbereichs wegen Trocknisausfall, sowie die Aufforstung einer Freifl\u00e4che bei Oberasphe und Wollmar n\u00e4her zu erl\u00e4utern.<br>Die Situation im Gemeindewald kann man mit seinen Worten als \u00f6kologisch katastrophal und \u00f6konomisch r\u00fcckl\u00e4ufig bewerten. Die Nachbepflanzung einiger Teilbereiche ist notwendig, um die Kriterien der laufenden F\u00f6rderung nicht zu gef\u00e4hrden und den Bestand wieder zu vervollst\u00e4ndigen (ca. 14.500\u20ac).&nbsp; Die Erstaufforstung mit Douglasien im Bereich des Depots und einer kleinen Fl\u00e4che in Wollmar (ca. 3500\u20ac) ist sinnvoll und ebenfalls f\u00fcr den Fortbestand der Waldwirtschaft notwendig.<br>Stand 2018 hat die Gemeinde M\u00fcnchhausen 200 Hektar Wald, davon sind ca. 150 ha bewirtschaftet, 8-9 ha aufgeforstet, 6-7 ha wachsen wild und ca. 25 ha sind kahl! Der Trend geht zu Klima-angepasstem Waldmanagement und variablen Baumbest\u00e4nden.<\/p>\n\n\n\n<p>Die Verpflichtungserkl\u00e4rung zur Aufforstung des Gemeindewaldes wurde einstimmig beschlossen.<\/p>\n\n\n\n<p>Burkhard Viehl (UGL-Fraktion) wurde zur zweiten <strong>Vertretung des Vorsitzenden der Gemeindevertretung<\/strong> gew\u00e4hlt und l\u00f6st Ulrike Mann (UGL-Fraktion) ab, da Ulrike in den Gemeindevorstand nachger\u00fcckt ist.<\/p>\n\n\n\n<p>Als <strong>stellvertretende Schiedsperson<\/strong> ist Burkhard Viehl, Niederasphe, gew\u00e4hlt worden und unterst\u00fctzt den ersten Schiedsmann, Uwe Angel Remon Kohl.<\/p>\n\n\n\n<p>Ein Hauptthema der Gemeindevertretung an diesem Abend war die einstimmige Zustimmung f\u00fcr die <strong>Kostenplanung 2023-2024 der KiTa Kesterburg M\u00fcnchhausen<\/strong>, deren angepasste Entgeltordnung und Stellenplanung, sowie die anstehenden Ausgleichsaufwendungen bzw. Mehrkosten von 119.000\u20ac, die sich aus zus\u00e4tzlichen Personalkosten f\u00fcr die KiTa Au\u00dfenstelle Wollmar, einem h\u00f6heren Anteil an Kindern unter 3 Jahren und Lohnsteigerungen aus dem aktuellen Tarifabschluss ergeben.<\/p>\n\n\n\n<!--more-->\n\n\n\n<p>Weiterhin wurden von der Gemeindevertretung der <strong>Beitritt der Gemeinde M\u00fcnchhausen in die Energiegenossenschaft Marburg-Biedenkopf<\/strong> mit 10 Gesch\u00e4ftsanteilen und eine Anlagerichtlinie mit Rahmenbedingungen f\u00fcr sichere und berichtspflichtige Geldanlagen der Kommunen einstimmig beschlossen.<\/p>\n\n\n\n<p>Der <strong>1. (Halb-) Jahresbericht zum Haushaltsvollzug 2023<\/strong> und der \u00fcbertragenen Haushaltsreste wurden zur Kenntnis genommen.<\/p>\n\n\n\n<p>Die <strong>Finanzierung von 2 Elektrolades\u00e4ulen<\/strong> f\u00fcr die Gemeinde M\u00fcnchhausen als \u00fcberplanm\u00e4\u00dfige Ausgabe wurde intensiv diskutiert, da der kommunale Gelds\u00e4ckel sehr knapp ist. Ende 2021 wurde ein Bundesf\u00f6rderprogramm f\u00fcr \u201e\u00d6ffentliche Ladeinfrastruktur f\u00fcr E-Fahrzeuge\u201c aufgelegt und die Stadtwerke Marburg haben in Kooperation mit den Kommunen bzw. in Absprache mit dem Gemeindevorstand M\u00fcnchhausen 2 Ladestationen f\u00fcr M\u00fcnchhausen und Simtshausen beantragt. Die F\u00f6rdermittel sind jetzt bewilligt, so dass die Energie Marburg-Biedenkopf GmbH &amp; Co.KG (EBM) in M\u00fcnchhausen und Simtshausen mit dem&nbsp; Bau je einer Lades\u00e4ule beginnen kann. Die Eigenanteil- Kosten f\u00fcr die zwei Lades\u00e4ulen betragen f\u00fcr die Gemeinde 17.850 \u20ac (entspricht 50% der Gesamtkosten!). Das Angebot und der Einbau der Lades\u00e4ulen wurde mehrheitlich von der Gemeindevertretung angenommen und beschlossen. Mit dieser Vereinbarung kann das Ladeinfrastrukturnetz mit relativ geringem Kostenaufwand weiter ausgebaut werden. Folgekosten f\u00fcr den laufenden Betrieb und die Instandhaltung \u00fcbernimmt die EMB, betonte B\u00fcrgermeister Siemon.<\/p>\n\n\n\n<p><em><strong>Anfragen der Fraktionen wurden von B\u00fcrgermeister Holger Siemon wie folgt beantwortet:<\/strong><\/em><\/p>\n\n\n\n<p>Die Anschaffung von 3 Notstromaggregaten zur kurzfristigen \u00dcberwindung von Stromengp\u00e4ssen ist abgeschlossen. Als Standorte vorgesehen sind die Feuerwehr und der Bauhof. (SPD)<\/p>\n\n\n\n<p>Die (Mehr-)Kostenaufschl\u00fcsselung f\u00fcr den Erweiterungsbau KiTa Kesterburg soll vom Vorstand in den Fraktionen vorgestellt werden. (SPD)<\/p>\n\n\n\n<p>Zur Umwidmung der Bundesstra\u00dfe B252 im Rahmen IKEK wurde erl\u00e4utert, dass Stand 05.09.23 die neue Umgehungsstra\u00dfe voraussichtlich ab 16.10.23 teiler\u00f6ffnet wird (vom Kreisel Go\u00dffelden bis Ernsthausen) und die alte Stra\u00dfe noch weiter parallel benutzt werden soll, bis der Anschluss Go\u00dffelden \u2013 G\u00f6ttingen in 2024 fertiggestellt ist. Da aber nach Aussage von Hessen Mobil bereits die&nbsp; Teiler\u00f6ffnung des alten Sra\u00dfenabschnitts zur \u00dcbergabe und weiteren Instandhaltung an die Kommunen f\u00e4llt und nicht bei kompletter Freigabe, ist noch reichlich&nbsp; Gespr\u00e4chsbedarf seitens der B\u00fcrgermeister bei Hessen Mobil angemeldet worden. An Um- bzw. R\u00fcckbau ist fr\u00fchestens ab 2025 zu denken und ob das im IKEK-Programm bleibt oder in ein anderes F\u00f6rderprogramm muss, ist noch nicht abzusehen. (SPD)<\/p>\n\n\n\n<p>Falls die Finanzierung des KiTa-Neubaus mangels F\u00f6rdergelder scheitert oder sich weiter hinauszieht, wird als \u00dcbergangsl\u00f6sung weiterhin ab 01.Januar 2024 Standort Wollmar mit U3 Gruppe in Betrieb genommen. (UGL)<\/p>\n\n\n\n<p>Die Quellen M\u00fcnchhausen und Simtshausen sind derzeit in gutem flie\u00dfenden Zustand und nicht beeintr\u00e4chtigt. Eine Besichtigung der Wasserversorgungsanlagen durch die Gremien wird in Absprache m\u00f6glich sein. (UGL)<\/p>\n\n\n\n<p><em><strong>Bei den Mitteilungen des Gemeindevorstandes ist hervorzuheben:<\/strong><\/em><\/p>\n\n\n\n<p>Der Termin f\u00fcr den Um- und Anbau der KiTa M\u00fcnchhausen konnte eingehalten werden. Die Krippe in Wollmar hat f\u00fcr weitere 3 Jahre eine Betriebserlaubnis erhalten. Die Toilettensanierung der KiTa Oberasphe wurde innerhalb der Ferien erfolgreich abgeschlossen.<\/p>\n\n\n\n<p>Derzeit wird die Erschlie\u00dfungsplanung, sowie die Bebauungsplanung f\u00fcr das neue Gewerbegebiet weiter vorangetrieben.<\/p>\n\n\n\n<p>Die Arbeiten zur Errichtung des Windparks am Hochbeh\u00e4lter Niederasphe werden voraussichtlich im Oktober mit dem Wegebau beginnen. Die Inbetriebnahme der 5 Windr\u00e4der ist im 3.Quartal 2024 geplant.<br>Das Projekt Photovoltaikanlage in Oberasphe wird von Fa. Krug Energie nicht weiter verfolgt.<\/p>\n\n\n\n<p>Das Projekt Radfahrerst\u00fctzpunkt Obersimtshausen wird trotz Ablehnung von F\u00f6rdermitteln durch Bezuschussung der Gemeinde und Legung eines Stromanschlusses fortgef\u00fchrt.<\/p>\n\n\n\n<p>Planungsleistungen zur Renaturierung der Asphe wurde an WAGU GmbH vergeben, F\u00f6rderungsquote liegt bei 75-95%.<\/p>\n\n\n\n<p>Im Rahmen der IKEK liegen Zuwendungsbescheide f\u00fcr die DGH\u00b4s in M\u00fcnchhausen (Planung), Simtshausen, Oberasphe und Niederasphe (mit Einschr\u00e4nkungen) vor.<\/p>\n\n\n\n<p>Im Rahmen der kommunalen Energieplanung und Konzeptentwicklung wird ein Quartiersmanager gemeinsam mit der Gemeinde Lahntal ausgeschrieben.<\/p>\n\n\n\n<p>Die Klimakommission hat zusammen mit dem Gemeindevorstand einen Fragebogen zur Bestandsanalyse der installierten Heizsysteme und Geb\u00e4udezustand erstellt, auf deren Datenerhebung weitere kommunale Konzepte und Entscheidungen zur Energiewende getroffen werden k\u00f6nnen.<\/p>\n","protected":false},"excerpt":{"rendered":"<p>Zum Thema Aufforstung des Gemeindewaldes M\u00fcnchhausen wurde F\u00f6rster Hering eingeladen, um seinen Antrag auf Gelder zur Nachbepflanzung eines Teilbereichs wegen Trocknisausfall, sowie die Aufforstung einer Freifl\u00e4che bei Oberasphe und Wollmar n\u00e4her zu erl\u00e4utern.Die Situation im Gemeindewald kann man mit seinen Worten als \u00f6kologisch katastrophal und \u00f6konomisch r\u00fcckl\u00e4ufig bewerten. Die Nachbepflanzung einiger Teilbereiche ist notwendig, um [&hellip;]<\/p>\n","protected":false},"author":1,"featured_media":0,"comment_status":"closed","ping_status":"closed","sticky":false,"template":"","format":"standard","meta":{"footnotes":""},"categories":[1],"tags":[],"class_list":["post-1073","post","type-post","status-publish","format-standard","hentry","category-ugl"],"_links":{"self":[{"href":"https:\/\/ugl-muenchhausen.de\/index.php?rest_route=\/wp\/v2\/posts\/1073","targetHints":{"allow":["GET"]}}],"collection":[{"href":"https:\/\/ugl-muenchhausen.de\/index.php?rest_route=\/wp\/v2\/posts"}],"about":[{"href":"https:\/\/ugl-muenchhausen.de\/index.php?rest_route=\/wp\/v2\/types\/post"}],"author":[{"embeddable":true,"href":"https:\/\/ugl-muenchhausen.de\/index.php?rest_route=\/wp\/v2\/users\/1"}],"replies":[{"embeddable":true,"href":"https:\/\/ugl-muenchhausen.de\/index.php?rest_route=%2Fwp%2Fv2%2Fcomments&post=1073"}],"version-history":[{"count":6,"href":"https:\/\/ugl-muenchhausen.de\/index.php?rest_route=\/wp\/v2\/posts\/1073\/revisions"}],"predecessor-version":[{"id":1117,"href":"https:\/\/ugl-muenchhausen.de\/index.php?rest_route=\/wp\/v2\/posts\/1073\/revisions\/1117"}],"wp:attachment":[{"href":"https:\/\/ugl-muenchhausen.de\/index.php?rest_route=%2Fwp%2Fv2%2Fmedia&parent=1073"}],"wp:term":[{"taxonomy":"category","embeddable":true,"href":"https:\/\/ugl-muenchhausen.de\/index.php?rest_route=%2Fwp%2Fv2%2Fcategories&post=1073"},{"taxonomy":"post_tag","embeddable":true,"href":"https:\/\/ugl-muenchhausen.de\/index.php?rest_route=%2Fwp%2Fv2%2Ftags&post=1073"}],"curies":[{"name":"wp","href":"https:\/\/api.w.org\/{rel}","templated":true}]}}