{"id":1198,"date":"2024-03-08T04:27:13","date_gmt":"2024-03-08T03:27:13","guid":{"rendered":"https:\/\/ugl-muenchhausen.de\/?p=1198"},"modified":"2024-03-08T04:35:34","modified_gmt":"2024-03-08T03:35:34","slug":"wetter-bleibt-bunt-einladung-zur-demonstration","status":"publish","type":"post","link":"https:\/\/ugl-muenchhausen.de\/?p=1198","title":{"rendered":"Wetter bleibt bunt &#8211; Einladung zur Demonstration"},"content":{"rendered":"<div class=\"wp-block-image\">\n<figure class=\"alignleft size-full is-resized\"><a href=\"https:\/\/ugl-muenchhausen.de\/wp-content\/uploads\/2024\/03\/Aktionsbuendnis-wetterbleibtbunt@web.de_.pdf\" target=\"_blank\" rel=\"noreferrer noopener\"><img loading=\"lazy\" decoding=\"async\" width=\"340\" height=\"464\" src=\"https:\/\/ugl-muenchhausen.de\/wp-content\/uploads\/2024\/03\/wetterbleibtbunt.jpg\" alt=\"\" class=\"wp-image-1200\" style=\"aspect-ratio:0.7327586206896551;width:240px;height:auto\" title=\"Einladung\" srcset=\"https:\/\/ugl-muenchhausen.de\/wp-content\/uploads\/2024\/03\/wetterbleibtbunt.jpg 340w, https:\/\/ugl-muenchhausen.de\/wp-content\/uploads\/2024\/03\/wetterbleibtbunt-220x300.jpg 220w\" sizes=\"auto, (max-width: 340px) 100vw, 340px\" \/><\/a><\/figure><\/div>\n\n\n<p>Auf Initiative des \u201ePolitischen Arbeitskreis Wetteraner Frauen\u201c hat sich ein breites Aktionsb\u00fcndnis zusammengefunden, um eine Demonstration f\u00fcr die Demokratie und gegen Rechtsextremismus In Wetter zu organisieren. Die Veranstaltung am 16.03.2024 steht unter dem Motto \u201eWetter bleibt bunt\u201c (#wetterbleibtbunt). Die Demo beginnt um 15:00 Uhr am Bahnhof in Wetter und endet ab 16:00 Uhr auf dem Marktplatz mit einer Schlusskundgebung. Der ev. Pfarrer, die Vorsitzende des Tr\u00e4ger-u. F\u00f6rdervereins ehemalige Synagoge und der Vorsitzende der Ahmadiyya Gemeinde haben bisher f\u00fcr eine Rede zugesagt. Weitere sind angefragt.<\/p>\n\n\n\n<p>Die gemeinsame Aussage des Aktionsb\u00fcndnisses:<\/p>\n\n\n\n<p><em>\u201eWir haben ein gemeinsames Ziel. Wir sind Demokraten. Und wir sind viele. Wetter ist eine tolerante, weltoffene Gemeinde mit einer demokratischen und solidarischen Gesellschaft. Alle B\u00fcrgerinnen und B\u00fcrger sowie unsere G\u00e4ste \u2013 gleich welcher Herkunft, Religion oder Nationalit\u00e4t \u2013 sollen sich hier wohl f\u00fchlen und frei leben, lernen und arbeiten k\u00f6nnen. Grunds\u00e4tzlich lehnen wir Gewalt und Rechtsextremismus ab.\u201c<\/em><\/p>\n\n\n\n<p>Die UGL unterst\u00fctzt die Veranstaltung und l\u00e4dt zur Teilnahme ein \u2013 es w\u00e4re sch\u00f6n, wenn auch M\u00fcnchhausen sichtbar w\u00e4re und das Anliegen unterst\u00fctzt.<\/p>\n","protected":false},"excerpt":{"rendered":"<p>Auf Initiative des \u201ePolitischen Arbeitskreis Wetteraner Frauen\u201c hat sich ein breites Aktionsb\u00fcndnis zusammengefunden, um eine Demonstration f\u00fcr die Demokratie und gegen Rechtsextremismus In Wetter zu organisieren. Die Veranstaltung am 16.03.2024 steht unter dem Motto \u201eWetter bleibt bunt\u201c (#wetterbleibtbunt). Die Demo beginnt um 15:00 Uhr am Bahnhof in Wetter und endet ab 16:00 Uhr auf dem [&hellip;]<\/p>\n","protected":false},"author":1,"featured_media":0,"comment_status":"closed","ping_status":"closed","sticky":false,"template":"","format":"standard","meta":{"footnotes":""},"categories":[1],"tags":[],"class_list":["post-1198","post","type-post","status-publish","format-standard","hentry","category-ugl"],"_links":{"self":[{"href":"https:\/\/ugl-muenchhausen.de\/index.php?rest_route=\/wp\/v2\/posts\/1198","targetHints":{"allow":["GET"]}}],"collection":[{"href":"https:\/\/ugl-muenchhausen.de\/index.php?rest_route=\/wp\/v2\/posts"}],"about":[{"href":"https:\/\/ugl-muenchhausen.de\/index.php?rest_route=\/wp\/v2\/types\/post"}],"author":[{"embeddable":true,"href":"https:\/\/ugl-muenchhausen.de\/index.php?rest_route=\/wp\/v2\/users\/1"}],"replies":[{"embeddable":true,"href":"https:\/\/ugl-muenchhausen.de\/index.php?rest_route=%2Fwp%2Fv2%2Fcomments&post=1198"}],"version-history":[{"count":5,"href":"https:\/\/ugl-muenchhausen.de\/index.php?rest_route=\/wp\/v2\/posts\/1198\/revisions"}],"predecessor-version":[{"id":1204,"href":"https:\/\/ugl-muenchhausen.de\/index.php?rest_route=\/wp\/v2\/posts\/1198\/revisions\/1204"}],"wp:attachment":[{"href":"https:\/\/ugl-muenchhausen.de\/index.php?rest_route=%2Fwp%2Fv2%2Fmedia&parent=1198"}],"wp:term":[{"taxonomy":"category","embeddable":true,"href":"https:\/\/ugl-muenchhausen.de\/index.php?rest_route=%2Fwp%2Fv2%2Fcategories&post=1198"},{"taxonomy":"post_tag","embeddable":true,"href":"https:\/\/ugl-muenchhausen.de\/index.php?rest_route=%2Fwp%2Fv2%2Ftags&post=1198"}],"curies":[{"name":"wp","href":"https:\/\/api.w.org\/{rel}","templated":true}]}}