{"id":1665,"date":"2026-04-27T11:24:38","date_gmt":"2026-04-27T09:24:38","guid":{"rendered":"https:\/\/ugl-muenchhausen.de\/?p=1665"},"modified":"2026-04-27T11:24:38","modified_gmt":"2026-04-27T09:24:38","slug":"neu-gewaehlte-gemeindevertretung-tritt-erstmals-zusammen","status":"publish","type":"post","link":"https:\/\/ugl-muenchhausen.de\/?p=1665","title":{"rendered":"Neu gew\u00e4hlte Gemeindevertretung tritt erstmals zusammen"},"content":{"rendered":"\n<p>Zu ihrer ersten Sitzung trafen sich am 21. April 2026 die im M\u00e4rz gew\u00e4hlten M\u00fcnchh\u00e4user Gemeindevertreterinnen und Gemeindevertreter im Rathaus.<\/p>\n\n\n\n<p>Das Treffen wurde von B\u00fcrgermeister Holger Siemon er\u00f6ffnet. Er begr\u00fc\u00dfte zun\u00e4chst die Gew\u00e4hlten, dankte dann dem Gemeindewahlleiter Stefan Jesberg, den ehrenamtlichen Wahlhelfer*innen sowie den Mitarbeitenden der Verwaltung f\u00fcr die reibungslose Durchf\u00fchrung der Wahl und schlie\u00dflich auch den ausscheidenden Gemeindevertreter*innen f\u00fcr die geleisteten Dienste. In einem kurzen Ausblick freute er sich auf das gemeinsame Suchen und Finden von Kompromissen und L\u00f6sungen unter dem Schlagwort: \u201eAlles fer de Gemee.\u201c<\/p>\n\n\n\n<p>Den Gratulationen und dem Dank schloss sich auch Roland Wehner (SPD) an, der im Anschluss als \u201edienst\u00e4ltester\u201c Gemeindevertreter die Sitzungsleitung \u00fcbernommen hatte, um die Wahl der Vorsitzenden der Gemeindevertretung durchzuf\u00fchren.<\/p>\n\n\n\n<p>Dieses Amt wird nunmehr von Karin L\u00f6lkes (CDU) wahrgenommen. Zu ihren Vertretern wurden Roland Wehner und Burkhard Viehl (UGL) gew\u00e4hlt.<\/p>\n\n\n\n<p>Da insoweit keine Widerspr\u00fcche eingegangen waren, stellte die Gemeindevertretung im Anschluss die G\u00fcltigkeit der Wahlen der Gemeindevertretung und der Ortsbeir\u00e4te fest.<\/p>\n\n\n\n<p>In den dann gebildeten Aussch\u00fcssen ist die UGL wie folgt vertreten:<\/p>\n\n\n\n<ul class=\"wp-block-list\">\n<li>Haupt- und Finanzausschuss: Lena Siemon-Marques<\/li>\n\n\n\n<li>Bauausschuss:\u00a0\u00a0\u00a0\u00a0\u00a0\u00a0\u00a0\u00a0\u00a0\u00a0\u00a0\u00a0\u00a0\u00a0\u00a0\u00a0\u00a0\u00a0\u00a0\u00a0\u00a0\u00a0\u00a0\u00a0\u00a0\u00a0\u00a0Gila Wieland<\/li>\n\n\n\n<li>Sozialausschuss:\u00a0\u00a0\u00a0\u00a0\u00a0\u00a0\u00a0\u00a0\u00a0\u00a0\u00a0\u00a0\u00a0\u00a0\u00a0\u00a0\u00a0\u00a0\u00a0\u00a0\u00a0\u00a0\u00a0\u00a0Burkhard Viehl<\/li>\n<\/ul>\n\n\n\n<p>Ferner wird Michaela Walter (UGL) als stellvertretendes Mitglied im Kindergartenausschuss der Kindertagesst\u00e4tte Niederasphe benannt, Nina Gromes (UGL) vertritt die Gemeinde im kommunalen Beirat des Vereins \u201eKinder sind unsere Zukunft\u201c.<\/p>\n\n\n\n<p>Als Vertreter in die Verbandsversammlung des \u201eWasserverbands Wetschaft\u201c wurde neben anderen f\u00fcr die UGL Burkhard Viehl gew\u00e4hlt, Lena Siemon-Marques nimmt die entsprechende Aufgabe im Zweckverband f\u00fcr das neue Gewerbegebiet wahr.<\/p>\n\n\n\n<p>Anschlie\u00dfend fanden die Wahl der ehrenamtlichen Beigeordneten des Gemeindevorstands und deren Einf\u00fchrung in das Amt statt. Gew\u00e4hlt wurden Gerd Dennes (1. Beigeordneter, CDU), Dr. Harald D\u00f6rnbach (CDU), Viola Schmidt (CDU), Michael Jakobi (SPD), Mathias Koch (SPD) sowie Ulrike Mann (UGL).<\/p>\n\n\n\n<p>Mitteilungen des Gemeindevorstands zum Sachstand laufender Projekte und T\u00e4tigkeiten rundeten die Tagesordnung ab.<\/p>\n","protected":false},"excerpt":{"rendered":"<p>Zu ihrer ersten Sitzung trafen sich am 21. April 2026 die im M\u00e4rz gew\u00e4hlten M\u00fcnchh\u00e4user Gemeindevertreterinnen und Gemeindevertreter im Rathaus. Das Treffen wurde von B\u00fcrgermeister Holger Siemon er\u00f6ffnet. Er begr\u00fc\u00dfte zun\u00e4chst die Gew\u00e4hlten, dankte dann dem Gemeindewahlleiter Stefan Jesberg, den ehrenamtlichen Wahlhelfer*innen sowie den Mitarbeitenden der Verwaltung f\u00fcr die reibungslose Durchf\u00fchrung der Wahl und schlie\u00dflich [&hellip;]<\/p>\n","protected":false},"author":1,"featured_media":0,"comment_status":"closed","ping_status":"closed","sticky":false,"template":"","format":"standard","meta":{"footnotes":""},"categories":[1],"tags":[],"class_list":["post-1665","post","type-post","status-publish","format-standard","hentry","category-ugl"],"_links":{"self":[{"href":"https:\/\/ugl-muenchhausen.de\/index.php?rest_route=\/wp\/v2\/posts\/1665","targetHints":{"allow":["GET"]}}],"collection":[{"href":"https:\/\/ugl-muenchhausen.de\/index.php?rest_route=\/wp\/v2\/posts"}],"about":[{"href":"https:\/\/ugl-muenchhausen.de\/index.php?rest_route=\/wp\/v2\/types\/post"}],"author":[{"embeddable":true,"href":"https:\/\/ugl-muenchhausen.de\/index.php?rest_route=\/wp\/v2\/users\/1"}],"replies":[{"embeddable":true,"href":"https:\/\/ugl-muenchhausen.de\/index.php?rest_route=%2Fwp%2Fv2%2Fcomments&post=1665"}],"version-history":[{"count":1,"href":"https:\/\/ugl-muenchhausen.de\/index.php?rest_route=\/wp\/v2\/posts\/1665\/revisions"}],"predecessor-version":[{"id":1666,"href":"https:\/\/ugl-muenchhausen.de\/index.php?rest_route=\/wp\/v2\/posts\/1665\/revisions\/1666"}],"wp:attachment":[{"href":"https:\/\/ugl-muenchhausen.de\/index.php?rest_route=%2Fwp%2Fv2%2Fmedia&parent=1665"}],"wp:term":[{"taxonomy":"category","embeddable":true,"href":"https:\/\/ugl-muenchhausen.de\/index.php?rest_route=%2Fwp%2Fv2%2Fcategories&post=1665"},{"taxonomy":"post_tag","embeddable":true,"href":"https:\/\/ugl-muenchhausen.de\/index.php?rest_route=%2Fwp%2Fv2%2Ftags&post=1665"}],"curies":[{"name":"wp","href":"https:\/\/api.w.org\/{rel}","templated":true}]}}