{"id":907,"date":"2022-06-22T00:36:37","date_gmt":"2022-06-21T22:36:37","guid":{"rendered":"https:\/\/ugl-muenchhausen.de\/?p=907"},"modified":"2022-06-22T00:36:38","modified_gmt":"2022-06-21T22:36:38","slug":"energiewende-was-leisten-wind-sonne-und-co","status":"publish","type":"post","link":"https:\/\/ugl-muenchhausen.de\/?p=907","title":{"rendered":"Energiewende &#8211; Was leisten Wind, Sonne und Co.?"},"content":{"rendered":"\n<p>Mit diesem Thema besch\u00e4ftigt sich die Fraktion der Unabh\u00e4ngigen Gr\u00fcnen Liste M\u00fcnchhausen (UGL) im Rahmen einer \u00f6ffentlichen Informationsveranstaltung am Dienstag, den 12.07.2022 ab 19.30 Uhr, im B\u00fcrgerhaus Simtshausen und hofft auf viele interessierte Besucherinnen und Besucher. Gemeinsam mit dem BUND, dessen Kreisverband zugleich Co-Veranstalter ist, sollen Fragen rund um die Energiewende diskutiert werden.<\/p>\n\n\n\n<div class=\"wp-block-media-text alignwide is-stacked-on-mobile\"><figure class=\"wp-block-media-text__media\"><a href=\"https:\/\/ugl-muenchhausen.de\/wp-content\/uploads\/2022\/06\/Flyer-Energiewende-2020.pdf\" target=\"_blank\" rel=\"noopener\"><img loading=\"lazy\" decoding=\"async\" width=\"303\" height=\"400\" src=\"https:\/\/ugl-muenchhausen.de\/wp-content\/uploads\/2022\/06\/Energiewende-2022.jpg\" alt=\"\" class=\"wp-image-917 size-full\" srcset=\"https:\/\/ugl-muenchhausen.de\/wp-content\/uploads\/2022\/06\/Energiewende-2022.jpg 303w, https:\/\/ugl-muenchhausen.de\/wp-content\/uploads\/2022\/06\/Energiewende-2022-227x300.jpg 227w\" sizes=\"auto, (max-width: 303px) 100vw, 303px\" \/><\/a><\/figure><div class=\"wp-block-media-text__content\">\n<p>Gabriela Terhorst, stellvertretende Landesvorsitzende des BUND Hessen, wird zun\u00e4chst ins Thema einf\u00fchren. Anschlie\u00dfend hoffen die Veranstalter auf eine lebhafte Debatte dar\u00fcber, welche M\u00f6glichkeiten vor Ort bestehen, um die Abkehr von fossilen Energietr\u00e4gern wie Kohle, \u00d6l und Gas auch regional voranzubringen.<\/p>\n\n\n\n<p>Die Veranstalter*innen bitten um das Tragen einer Mund-Nasen-Bedeckung.<\/p>\n\n\n\n<p><\/p>\n<\/div><\/div>\n\n\n\n<p><\/p>\n","protected":false},"excerpt":{"rendered":"<p>Mit diesem Thema besch\u00e4ftigt sich die Fraktion der Unabh\u00e4ngigen Gr\u00fcnen Liste M\u00fcnchhausen (UGL) im Rahmen einer \u00f6ffentlichen Informationsveranstaltung am Dienstag, den 12.07.2022 ab 19.30 Uhr, im B\u00fcrgerhaus Simtshausen und hofft auf viele interessierte Besucherinnen und Besucher. Gemeinsam mit dem BUND, dessen Kreisverband zugleich Co-Veranstalter ist, sollen Fragen rund um die Energiewende diskutiert werden. Gabriela Terhorst, [&hellip;]<\/p>\n","protected":false},"author":1,"featured_media":0,"comment_status":"closed","ping_status":"closed","sticky":false,"template":"","format":"standard","meta":{"footnotes":""},"categories":[1],"tags":[],"class_list":["post-907","post","type-post","status-publish","format-standard","hentry","category-ugl"],"_links":{"self":[{"href":"https:\/\/ugl-muenchhausen.de\/index.php?rest_route=\/wp\/v2\/posts\/907","targetHints":{"allow":["GET"]}}],"collection":[{"href":"https:\/\/ugl-muenchhausen.de\/index.php?rest_route=\/wp\/v2\/posts"}],"about":[{"href":"https:\/\/ugl-muenchhausen.de\/index.php?rest_route=\/wp\/v2\/types\/post"}],"author":[{"embeddable":true,"href":"https:\/\/ugl-muenchhausen.de\/index.php?rest_route=\/wp\/v2\/users\/1"}],"replies":[{"embeddable":true,"href":"https:\/\/ugl-muenchhausen.de\/index.php?rest_route=%2Fwp%2Fv2%2Fcomments&post=907"}],"version-history":[{"count":3,"href":"https:\/\/ugl-muenchhausen.de\/index.php?rest_route=\/wp\/v2\/posts\/907\/revisions"}],"predecessor-version":[{"id":919,"href":"https:\/\/ugl-muenchhausen.de\/index.php?rest_route=\/wp\/v2\/posts\/907\/revisions\/919"}],"wp:attachment":[{"href":"https:\/\/ugl-muenchhausen.de\/index.php?rest_route=%2Fwp%2Fv2%2Fmedia&parent=907"}],"wp:term":[{"taxonomy":"category","embeddable":true,"href":"https:\/\/ugl-muenchhausen.de\/index.php?rest_route=%2Fwp%2Fv2%2Fcategories&post=907"},{"taxonomy":"post_tag","embeddable":true,"href":"https:\/\/ugl-muenchhausen.de\/index.php?rest_route=%2Fwp%2Fv2%2Ftags&post=907"}],"curies":[{"name":"wp","href":"https:\/\/api.w.org\/{rel}","templated":true}]}}