{"id":921,"date":"2022-09-03T17:00:00","date_gmt":"2022-09-03T15:00:00","guid":{"rendered":"https:\/\/ugl-muenchhausen.de\/?p=921"},"modified":"2022-09-04T01:01:51","modified_gmt":"2022-09-03T23:01:51","slug":"informationen-zur-wahl-am-11-september-2022","status":"publish","type":"post","link":"https:\/\/ugl-muenchhausen.de\/?p=921","title":{"rendered":"Informationen zur Wahl am 11. September 2022"},"content":{"rendered":"\n<p class=\"has-medium-font-size\">Liebe Mitb\u00fcrger*innen,<\/p>\n\n\n\n<p>am 11. September 2022 w\u00e4hlt M\u00fcnchhausen eine neue Verwaltungsspitze, mit Sandra Riehl oder Holger Siemon eine neue B\u00fcrgermeisterin oder einen neuen B\u00fcrgermeister, die oder der ab M\u00e4rz 2023 f\u00fcr sechs Jahre gemeinsam mit den weiteren Mitgliedern des Gemeindevorstandes die Gesch\u00e4fte der Gemeinde M\u00fcnchhausen f\u00fchren wird. Die Richtung der Gemeindepolitik gibt grunds\u00e4tzlich die Gemeindevertretung vor, gleichwohl kann eine B\u00fcrgermeisterin\/ein B\u00fcrgermeister eigene Vorstellungen und Ideen in die Debatte einbringen und so zum \u201eMotor\u201c der Gemeindeentwicklung werden.<\/p>\n\n\n\n<p>Beide Kandidierenden geben an, als unabh\u00e4ngige Bewerber\/in anzutreten, allerdings wird der Wahlvorschlag von Sandra Riehl von der SPD getragen und Holger Siemon in seinem Bestreben von der CDU unterst\u00fctzt.<\/p>\n\n\n\n<p>Die UGL hat zur Wahl am 11. September keinen eigenen Vorschlag eingereicht und spricht sich auch nicht f\u00fcr eine der Bewerbungen aus. An insgesamt f\u00fcr uns entscheidenden elf Punkten wollen wir die Ziele der Kandidierenden jedoch pr\u00fcfen. Die vorangestellten Themen der UGL zur Wasserversorgung der Gemeinde, die Entwicklung des Gewerbegebiets zwischen M\u00fcnchhausen und Wollmar, der Umgang mit erneuerbaren Energien sowie die interkommunale Zusammenarbeit wurden im Rahmen des Wahlforums der Oberhessischen Presse am 30. August 2022 in der Burgwaldhalle M\u00fcnchhausen er\u00f6rtert.<\/p>\n\n\n\n<p class=\"has-medium-font-size\"><strong>Die Punkte im Einzelnen:<\/strong><\/p>\n\n\n\n<div class=\"wp-block-pb-accordion-item c-accordion__item js-accordion-item no-js\" data-initially-open=\"false\" data-click-to-close=\"true\" data-auto-close=\"true\" data-scroll=\"false\" data-scroll-offset=\"0\"><h3 id=\"at-9210\" class=\"c-accordion__title js-accordion-controller\" role=\"button\">Gemeindeverwaltung<\/h3><div id=\"ac-9210\" class=\"c-accordion__content\">\n<p>Hier m\u00f6chte Holger Siemon f\u00fcr eine b\u00fcrgernahe und -freundliche, dar\u00fcber hinaus effektivere Verwaltung sorgen und bringt insoweit flexiblere \u00d6ffnungszeiten und Terminvergaben ebenso ins Gespr\u00e4ch wie Abendsprechstunden. Ferner m\u00f6chte er ein Online Beschwerde- und Informationsmanagement einrichten.<\/p>\n\n\n\n<p>Sandra Riehl hingegen setzt auf ein gutes und wertsch\u00e4tzendes Arbeitsklima und m\u00f6chte als bisher nicht in der Gemeindeverwaltung M\u00fcnchhausen T\u00e4tige mit einem neuen Blick f\u00fcr frischen Wind sorgen. Dabei setzt sie auch auf die Zusammenarbeit mit den anderen Nordkreiskommunen.<\/p>\n<\/div><\/div>\n\n\n\n<div class=\"wp-block-pb-accordion-item c-accordion__item js-accordion-item no-js\" data-initially-open=\"false\" data-click-to-close=\"true\" data-auto-close=\"true\" data-scroll=\"false\" data-scroll-offset=\"0\"><h3 id=\"at-9211\" class=\"c-accordion__title js-accordion-controller\" role=\"button\"><strong>Interkommunale Zusammenarbeit (IKZ)<\/strong><\/h3><div id=\"ac-9211\" class=\"c-accordion__content\">\n<p>Hier interessierte die UGL die generelle Einstellung der Kandidierenden zur IKZ. Ferner die Frage, in welchen Bereichen, in welcher Form und mit welchen Kommunen Sandra Riehl und Holger Siemon die IKZ fortf\u00fchren oder ausbauen m\u00f6chten. Erwartungsgem\u00e4\u00df sind beide an der weiteren IKZ interessiert und verweisen auf die bestehende Zusammenarbeit mit den St\u00e4dten und Gemeinden Wetter, Lahntal, Battenberg und Burgwald in den Bereichen Ordnungsamt, Kinderbetreuung, IT und Gewerbegebiet. Sandra Riehl sieht ein weiteres Potenzial f\u00fcr IKZ beim Thema Tourismus, Holger Siemon bei der Zusammenarbeit mit den Bauh\u00f6fen der Nachbarkommunen.<\/p>\n<\/div><\/div>\n\n\n\n<div class=\"wp-block-pb-accordion-item c-accordion__item js-accordion-item no-js\" data-initially-open=\"false\" data-click-to-close=\"true\" data-auto-close=\"true\" data-scroll=\"false\" data-scroll-offset=\"0\"><h3 id=\"at-9212\" class=\"c-accordion__title js-accordion-controller\" role=\"button\"><strong>Wasserversorgung<\/strong><\/h3><div id=\"ac-9212\" class=\"c-accordion__content\">\n<p>Beide Kandidierenden sagen nein zum Anschluss an den Wasserverband ZMW und m\u00f6chten die Eigenversorgung aus den bestehenden Quellen absichern. Sowohl auf die Hauptversorgung durch die Oberfl\u00e4chenquelle in Simtshausen als auch auf die m\u00f6gliche Notversorgung aus dem Tiefbrunnen in M\u00fcnchhausen legen Sandra Riehl und Holger Siemon ein Hauptaugenmerk.<\/p>\n<\/div><\/div>\n\n\n\n<div class=\"wp-block-pb-accordion-item c-accordion__item js-accordion-item no-js\" data-initially-open=\"false\" data-click-to-close=\"true\" data-auto-close=\"true\" data-scroll=\"false\" data-scroll-offset=\"0\"><h3 id=\"at-9213\" class=\"c-accordion__title js-accordion-controller\" role=\"button\"><strong>Hochwasserschutz<\/strong><\/h3><div id=\"ac-9213\" class=\"c-accordion__content\">\n<p>Hier spricht sich Sandra Riehl allgemein daf\u00fcr aus, Ma\u00dfnahmen zu ergreifen, die die Sch\u00e4den von Starkregenereignissen reduzieren.<\/p>\n\n\n\n<p>Konkreter wird Holger Siemon, der die Renaturierung von Gew\u00e4ssern und die Anlage einfacher Feldspeicher zur Regenr\u00fcckhaltung bef\u00fcrwortet, also offenbar die Ma\u00dfnahmen fortsetzen m\u00f6chte, die die Gemeinde M\u00fcnchhausen auch in der Vergangenheit schon verfolgt hat.<\/p>\n<\/div><\/div>\n\n\n\n<div class=\"wp-block-pb-accordion-item c-accordion__item js-accordion-item no-js\" data-initially-open=\"false\" data-click-to-close=\"true\" data-auto-close=\"true\" data-scroll=\"false\" data-scroll-offset=\"0\"><h3 id=\"at-9214\" class=\"c-accordion__title js-accordion-controller\" role=\"button\"><strong>Mobilit\u00e4t<\/strong><\/h3><div id=\"ac-9214\" class=\"c-accordion__content\">\n<p>Bei diesem Thema setzen die Kandidierenden teilweise unterschiedliche Akzente. Beide verweisen auf den bestehenden \u00d6PNV und wollen das Radwegenetz verbessern, Holger Siemon denkt bei letzterem im Zuge des neuen Gewerbegebiets auch an eine Verbindung zwischen Wollmar und Ernsthausen, also \u00fcber die eigene Gemeinde hinaus. Daneben m\u00f6chte er die Elektromobilit\u00e4t durch Ladem\u00f6glichkeiten in allen Ortsteilen st\u00e4rken.<\/p>\n\n\n\n<p>Sandra Riehl hat dagegen mehr die Verkehrsvermeidung im Blick, indem sie Pendler zusammenbringen \u2013 und somit Fahrgemeinschaften erm\u00f6glichen &#8211; will. Ferner m\u00f6chte sie Car-Sharing-Angebote schaffen.<\/p>\n\n\n\n<p>Das Thema B\u00fcrgerbus wird von Sandra Riehl als M\u00f6glichkeit und Service f\u00fcr die B\u00fcrger*innen gesehen. Holger Siemon verweist auf den \u00d6VPN-Busverkehr, der bereits Mobilit\u00e4t schafft. F\u00fcr einen B\u00fcrgerbus-Angebot sieht er Schwierigkeiten darin, gen\u00fcgend ehrenamtliche Fahrer*innen zu finden. Holger Siemon kann sich allerdings vorstellen, das Nahversorgungsangebot vor Ort in jedem Ortsteil weiter auf- bzw. auszubauen, um so Einkaufsfahrten entbehrlich zu machen.<\/p>\n<\/div><\/div>\n\n\n\n<div class=\"wp-block-pb-accordion-item c-accordion__item js-accordion-item no-js\" data-initially-open=\"false\" data-click-to-close=\"true\" data-auto-close=\"true\" data-scroll=\"false\" data-scroll-offset=\"0\"><h3 id=\"at-9215\" class=\"c-accordion__title js-accordion-controller\" role=\"button\"><strong>Nahversorgung\/Dienstleistungen<\/strong><\/h3><div id=\"ac-9215\" class=\"c-accordion__content\">\n<p>Hier sind die Ziele beider Kandidierenden nahezu gleich. Beide m\u00f6chten die Lebensmittelversorgung\/die Versorgung mit den Dingen des t\u00e4glichen Bedarfs vor Ort sicherstellen, dazu regionale Anbieter st\u00e4rken und ggf. einen Markt einf\u00fchren.<\/p>\n<\/div><\/div>\n\n\n\n<div class=\"wp-block-pb-accordion-item c-accordion__item js-accordion-item no-js\" data-initially-open=\"false\" data-click-to-close=\"true\" data-auto-close=\"true\" data-scroll=\"false\" data-scroll-offset=\"0\"><h3 id=\"at-9216\" class=\"c-accordion__title js-accordion-controller\" role=\"button\"><strong>B 252 neu und die Folgen<\/strong><\/h3><div id=\"ac-9216\" class=\"c-accordion__content\">\n<p>Zu diesem Punkt \u00e4u\u00dfert sich Sandra Riehl bis auf die Aussage, dass die Umgestaltung der Ortsdurchfahrten auf die Wohnqualit\u00e4t eine deutliche Verbesserung erf\u00e4hrt, nicht konkret.<\/p>\n\n\n\n<p>Holger Siemon verweist allgemein darauf, dass der d\u00f6rfliche Charakter der Ortsdurchfahrten von M\u00fcnchhausen und Simtshausen auf der alten Trasse wieder hergestellt werden soll und diese auch als zus\u00e4tzlicher Radweg zur Verf\u00fcgung steht. Im Rahmen seiner Informationsveranstaltungen hat Holger Siemon auf die im Rahmen des IKEK bereits geplanten Ma\u00dfnahmen hingewiesen und m\u00f6gliche Ma\u00dfnahmen zur Verkehrsberuhigung dargestellt.<\/p>\n<\/div><\/div>\n\n\n\n<div class=\"wp-block-pb-accordion-item c-accordion__item js-accordion-item no-js\" data-initially-open=\"false\" data-click-to-close=\"true\" data-auto-close=\"true\" data-scroll=\"false\" data-scroll-offset=\"0\"><h3 id=\"at-9217\" class=\"c-accordion__title js-accordion-controller\" role=\"button\"><strong>Jugendarbeit<\/strong><\/h3><div id=\"ac-9217\" class=\"c-accordion__content\">\n<p>In diesem Punkt verweisen beide auf die bestehenden Angebote der \u00f6rtlichen Vereine. Dar\u00fcber hinaus m\u00f6chte Sandra Riehl f\u00fcr alle Altersgruppen Betreuungs-, Freizeit- und Kulturangebote sicherstellen. Holger Siemon m\u00f6chte konkret die Ferienspiele um Zeltfreizeiten erg\u00e4nzen und die Jugendclubs weiterentwickeln.<\/p>\n<\/div><\/div>\n\n\n\n<div class=\"wp-block-pb-accordion-item c-accordion__item js-accordion-item no-js\" data-initially-open=\"false\" data-click-to-close=\"true\" data-auto-close=\"true\" data-scroll=\"false\" data-scroll-offset=\"0\"><h3 id=\"at-9218\" class=\"c-accordion__title js-accordion-controller\" role=\"button\"><strong>Erneuerbare Energien<\/strong><\/h3><div id=\"ac-9218\" class=\"c-accordion__content\">\n<p>Holger Siemon steht zum Bau der sechs in Planung befindlichen Windkraftanlagen, schlie\u00dft aber derzeit weitere Stellpl\u00e4tze auf Gemeindegrund in dem vom Land Hessen ausgewiesenen Windvorranggebiet nahe Oberasphe aus. Der Ausbau von Photovoltaik-Anlagen bei kommunalen Geb\u00e4uden, sowie die Unterst\u00fctzung bei der Installation von entsprechenden Anlagen auf D\u00e4chern von Geb\u00e4uden im privaten Eigentum oder auf landwirtschaftlichen Wiesen und auch die Entwicklung von Nahw\u00e4rme Konzepten in Ortsteilen \u00fcber Biogasanlagen sind f\u00fcr ihn gut vorstellbar.<\/p>\n\n\n\n<p>Sandra Riehl m\u00f6chte eine alternative Energieinfrastruktur orientiert am integrierten Klimaschutzplan des Landes Hessen aufbauen. Dazu geh\u00f6ren ein Energiemix von Angeboten zu Photovoltaik, Nahw\u00e4rme-Konzepte, genossenschaftliches Handeln, aber vor allem Beratungsangebote an Hauseigent\u00fcmer*innen und das Augenmerk auf Liegenschaften der Gemeinde. Sie betont, dass beim Aufbau einer neuen Energieinfrastruktur die B\u00fcrger*innen mitgenommen werden m\u00fcssen und Entscheidungswege aufgezeigt werden sollten.<\/p>\n<\/div><\/div>\n\n\n\n<div class=\"wp-block-pb-accordion-item c-accordion__item js-accordion-item no-js\" data-initially-open=\"false\" data-click-to-close=\"true\" data-auto-close=\"true\" data-scroll=\"false\" data-scroll-offset=\"0\"><h3 id=\"at-9219\" class=\"c-accordion__title js-accordion-controller\" role=\"button\"><strong>Gewerbegebiet<\/strong><\/h3><div id=\"ac-9219\" class=\"c-accordion__content\">\n<p>Zu diesem Punkt hatte die UGL gefragt, wie die Kandidierenden Klimaschutz und Nachhaltigkeit im Gewerbegebiet verwirklichen wollen und welche Auflagen hierzu im Bebauungsplan gemacht werden sollen. Die Antworten von Sandra Riehl und Holger Siemon sind dabei sehr \u00e4hnlich. Beide sprechen sich f\u00fcr Regenwassernutzung und f\u00fcr die Umsetzung von Ma\u00dfnahmen aus, die das Regenwasser im \u00dcbrigen im Gewerbegebiet halten, z. B. durch die Schaffung von Versickerungsfl\u00e4chen, Eingr\u00fcnung, Dachbegr\u00fcnung, Fassadengr\u00fcn usw. Eine wichtige Rolle spielen auch die Verpflichtung der Gewerbetreibenden zur Errichtung von Photovoltaik- und\/oder Solarthermieanlagen.<\/p>\n\n\n\n<p>Sandra Riehl weist in diesem Zusammenhang ferner auf die m\u00f6gliche Zertifizierung durch die Deutsche Gesellschaft f\u00fcr nachhaltiges Bauen hin, m\u00f6chte die Fl\u00e4chenversiegelung durch die zu errichtenden Stra\u00dfen minimieren und die Aufnahme des Gewerbegebiets in das Programm zur Modellregion Wasserstoff pr\u00fcfen. Holger Siemon spricht von einem \u201egr\u00fcnen Gewerbegebiet\u201c, wobei jedoch die umzusetzenden Ma\u00dfnahmen auch wirtschaftlich sein m\u00fcssten. Beide sprechen sich f\u00fcr die Ansiedelung von Gewerbe aus, das m\u00f6glichst viele Arbeitspl\u00e4tze schafft. Holger Siemon ist eine breite Streuung der im Gewerbegebiet vertretenen Branchen sowie die Ber\u00fccksichtigung \u201enachhaltiger Betriebe\u201c wichtig.<\/p>\n<\/div><\/div>\n\n\n\n<div class=\"wp-block-pb-accordion-item c-accordion__item js-accordion-item no-js\" data-initially-open=\"false\" data-click-to-close=\"true\" data-auto-close=\"true\" data-scroll=\"false\" data-scroll-offset=\"0\"><h3 id=\"at-92110\" class=\"c-accordion__title js-accordion-controller\" role=\"button\"><strong>Tourismus<\/strong><\/h3><div id=\"ac-92110\" class=\"c-accordion__content\">\n<p>Hier verweist Holger Siemon ebenfalls auf die bereits beim Punkt Mobilit\u00e4t aufgef\u00fchrten Ziele der Verbesserung des \u00d6PNV-Anschlusses, des Radwegenetzes und der Elektromobilit\u00e4t. Ferner regt er die Schaffung von Stellpl\u00e4tzen f\u00fcr Wohnmobile und Wohnwagen an, ebenso Angebote f\u00fcr Wanderinnen und Wanderer.<\/p>\n\n\n\n<p>Sandra Riehl hingegen setzt auf sanften Naherholungstourismus mit Tiny-Angeboten, naturnahen Attraktionen unter Einbeziehung auch der landwirtschaftlichen Betriebe, ferner auf eine St\u00e4rkung der \u00f6rtlichen Gastronomie.<\/p>\n<\/div><\/div>\n\n\n\n<h2 class=\"wp-block-heading\">Fazit:<\/h2>\n\n\n\n<p>Insgesamt ist bisher festzustellen, dass sich Holger Siemon aufgrund seiner T\u00e4tigkeit als Leiter des Bauamts der Gemeinde M\u00fcnchhausen in den bestehenden \u00f6rtlichen Gegebenheiten besser auskennt, alles andere w\u00e4re allerdings auch verwunderlich.<\/p>\n\n\n\n<p>Sandra Riehl bringt als Bauamtsleiterin in der Gemeinde Lahntal ebenfalls viel Erfahrung und Verantwortung in kommunaler T\u00e4tigkeit mit.<\/p>\n\n\n\n<p>Letztlich liegen beide Kandidierenden bei den dargestellten Themen inhaltlich nicht weit auseinander und die UGL kann sich insoweit sowohl mit Sandra Riehl als auch mit Holger Siemon eine gute Zusammenarbeit vorstellen.<\/p>\n","protected":false},"excerpt":{"rendered":"<p>Liebe Mitb\u00fcrger*innen, am 11. September 2022 w\u00e4hlt M\u00fcnchhausen eine neue Verwaltungsspitze, mit Sandra Riehl oder Holger Siemon eine neue B\u00fcrgermeisterin oder einen neuen B\u00fcrgermeister, die oder der ab M\u00e4rz 2023 f\u00fcr sechs Jahre gemeinsam mit den weiteren Mitgliedern des Gemeindevorstandes die Gesch\u00e4fte der Gemeinde M\u00fcnchhausen f\u00fchren wird. Die Richtung der Gemeindepolitik gibt grunds\u00e4tzlich die Gemeindevertretung [&hellip;]<\/p>\n","protected":false},"author":1,"featured_media":0,"comment_status":"closed","ping_status":"closed","sticky":false,"template":"","format":"standard","meta":{"footnotes":""},"categories":[1],"tags":[],"class_list":["post-921","post","type-post","status-publish","format-standard","hentry","category-ugl"],"_links":{"self":[{"href":"https:\/\/ugl-muenchhausen.de\/index.php?rest_route=\/wp\/v2\/posts\/921","targetHints":{"allow":["GET"]}}],"collection":[{"href":"https:\/\/ugl-muenchhausen.de\/index.php?rest_route=\/wp\/v2\/posts"}],"about":[{"href":"https:\/\/ugl-muenchhausen.de\/index.php?rest_route=\/wp\/v2\/types\/post"}],"author":[{"embeddable":true,"href":"https:\/\/ugl-muenchhausen.de\/index.php?rest_route=\/wp\/v2\/users\/1"}],"replies":[{"embeddable":true,"href":"https:\/\/ugl-muenchhausen.de\/index.php?rest_route=%2Fwp%2Fv2%2Fcomments&post=921"}],"version-history":[{"count":8,"href":"https:\/\/ugl-muenchhausen.de\/index.php?rest_route=\/wp\/v2\/posts\/921\/revisions"}],"predecessor-version":[{"id":932,"href":"https:\/\/ugl-muenchhausen.de\/index.php?rest_route=\/wp\/v2\/posts\/921\/revisions\/932"}],"wp:attachment":[{"href":"https:\/\/ugl-muenchhausen.de\/index.php?rest_route=%2Fwp%2Fv2%2Fmedia&parent=921"}],"wp:term":[{"taxonomy":"category","embeddable":true,"href":"https:\/\/ugl-muenchhausen.de\/index.php?rest_route=%2Fwp%2Fv2%2Fcategories&post=921"},{"taxonomy":"post_tag","embeddable":true,"href":"https:\/\/ugl-muenchhausen.de\/index.php?rest_route=%2Fwp%2Fv2%2Ftags&post=921"}],"curies":[{"name":"wp","href":"https:\/\/api.w.org\/{rel}","templated":true}]}}